{"id":698,"date":"2018-12-12T05:26:32","date_gmt":"2018-12-12T04:26:32","guid":{"rendered":"https:\/\/www.rettet-lina.de\/?p=698"},"modified":"2025-02-04T08:29:37","modified_gmt":"2025-02-04T07:29:37","slug":"zweiter-krampfanfall","status":"publish","type":"post","link":"https:\/\/www.rettet-lina.de\/index.php\/2018\/12\/12\/zweiter-krampfanfall\/","title":{"rendered":"Zweiter Krampfanfall"},"content":{"rendered":"<div class=\"fusion-fullwidth fullwidth-box fusion-builder-row-1 fusion-flex-container nonhundred-percent-fullwidth non-hundred-percent-height-scrolling\" style=\"--awb-border-radius-top-left:0px;--awb-border-radius-top-right:0px;--awb-border-radius-bottom-right:0px;--awb-border-radius-bottom-left:0px;--awb-flex-wrap:wrap;\" ><div class=\"fusion-builder-row fusion-row fusion-flex-align-items-flex-start fusion-flex-content-wrap\" style=\"max-width:1248px;margin-left: calc(-4% \/ 2 );margin-right: calc(-4% \/ 2 );\"><div class=\"fusion-layout-column fusion_builder_column fusion-builder-column-0 fusion_builder_column_1_4 1_4 fusion-flex-column\" style=\"--awb-bg-size:cover;--awb-width-large:25%;--awb-margin-top-large:0px;--awb-spacing-right-large:7.68%;--awb-margin-bottom-large:20px;--awb-spacing-left-large:7.68%;--awb-width-medium:25%;--awb-order-medium:0;--awb-spacing-right-medium:7.68%;--awb-spacing-left-medium:7.68%;--awb-width-small:100%;--awb-order-small:0;--awb-spacing-right-small:1.92%;--awb-spacing-left-small:1.92%;\"><div class=\"fusion-column-wrapper fusion-column-has-shadow fusion-flex-justify-content-flex-start fusion-content-layout-column\"><div class=\"fusion-image-element \" style=\"--awb-caption-title-font-family:var(--h2_typography-font-family);--awb-caption-title-font-weight:var(--h2_typography-font-weight);--awb-caption-title-font-style:var(--h2_typography-font-style);--awb-caption-title-size:var(--h2_typography-font-size);--awb-caption-title-transform:var(--h2_typography-text-transform);--awb-caption-title-line-height:var(--h2_typography-line-height);--awb-caption-title-letter-spacing:var(--h2_typography-letter-spacing);\"><span class=\" fusion-imageframe imageframe-none imageframe-1 hover-type-none\"><a href=\"https:\/\/www.rettet-lina.de\/wp-content\/uploads\/2024\/08\/phenoleptil125mg.webp\" class=\"fusion-lightbox\" data-rel=\"iLightbox[cc5ffc6c3e13b4d328f]\" data-title=\"Phenoleptil12,5mg\" title=\"Phenoleptil12,5mg\"><img decoding=\"async\" width=\"446\" height=\"294\" src=\"https:\/\/www.rettet-lina.de\/wp-content\/uploads\/2024\/08\/phenoleptil125mg.webp\" alt class=\"img-responsive wp-image-699\" srcset=\"https:\/\/www.rettet-lina.de\/wp-content\/uploads\/2024\/08\/phenoleptil125mg-200x132.webp 200w, https:\/\/www.rettet-lina.de\/wp-content\/uploads\/2024\/08\/phenoleptil125mg-300x198.webp 300w, https:\/\/www.rettet-lina.de\/wp-content\/uploads\/2024\/08\/phenoleptil125mg-400x264.webp 400w, https:\/\/www.rettet-lina.de\/wp-content\/uploads\/2024\/08\/phenoleptil125mg.webp 446w\" sizes=\"(max-width: 640px) 100vw, 400px\" \/><\/a><\/span><\/div><\/div><\/div><div class=\"fusion-layout-column fusion_builder_column fusion-builder-column-1 fusion_builder_column_3_4 3_4 fusion-flex-column\" style=\"--awb-bg-size:cover;--awb-width-large:75%;--awb-margin-top-large:0px;--awb-spacing-right-large:2.56%;--awb-margin-bottom-large:0px;--awb-spacing-left-large:2.56%;--awb-width-medium:75%;--awb-spacing-right-medium:2.56%;--awb-spacing-left-medium:2.56%;--awb-width-small:100%;--awb-spacing-right-small:1.92%;--awb-spacing-left-small:1.92%;\"><div class=\"fusion-column-wrapper fusion-flex-justify-content-flex-start fusion-content-layout-column\"><div class=\"fusion-text fusion-text-1\"><p>Der zweite Krampfanfall lie\u00df leider nicht sehr lange auf sich warten.<\/p>\n<p>Heute war Pflegefrauchen Sandra mit Wombi beim Tierarzt und hatte &#8220;Tante Julia&#8221; gebeten nach Lina zu sehen.<\/p>\n<p>Als Julia die Wohnung betrat war Lina schon mitten im Krampfanfall. Lina war v\u00f6llig orientierungslos, rannte durch die Wohnung, schoss auf eine Wand zu und warf eine Palme um.<\/p>\n<p>Rannte dann wieder in den Flur wo Sie am ganzen K\u00f6rper stark zitterte bis ihr die Hinterbeine wegbrachen. V\u00f6llig ersch\u00f6pft lag sie da und Julia hatte nun endlich die M\u00f6glichkeit das Notfallmedikament (Diazepam 10 mg) rektal zu verabreichen.<\/p>\n<p>Nach dem Tierarztbesuch wurde Lina auf ein Epilepsiemedikament (Phenoeptil 100 mg) eingestellt. Dieses Mittel hat jedoch sehr starke Nebenwirkungen und es bleibt abzuwarten wie Lina darauf reagiert.<\/p>\n<\/div><\/div><\/div><\/div><\/div>\n","protected":false},"excerpt":{"rendered":"<p>Der zweite Krampfanfall lie\u00df leider nicht sehr lange auf sich warten.<\/p>\n","protected":false},"author":1,"featured_media":699,"comment_status":"closed","ping_status":"open","sticky":false,"template":"","format":"standard","meta":{"footnotes":""},"categories":[1],"tags":[],"class_list":["post-698","post","type-post","status-publish","format-standard","has-post-thumbnail","hentry","category-allgemein"],"_links":{"self":[{"href":"https:\/\/www.rettet-lina.de\/index.php\/wp-json\/wp\/v2\/posts\/698","targetHints":{"allow":["GET"]}}],"collection":[{"href":"https:\/\/www.rettet-lina.de\/index.php\/wp-json\/wp\/v2\/posts"}],"about":[{"href":"https:\/\/www.rettet-lina.de\/index.php\/wp-json\/wp\/v2\/types\/post"}],"author":[{"embeddable":true,"href":"https:\/\/www.rettet-lina.de\/index.php\/wp-json\/wp\/v2\/users\/1"}],"replies":[{"embeddable":true,"href":"https:\/\/www.rettet-lina.de\/index.php\/wp-json\/wp\/v2\/comments?post=698"}],"version-history":[{"count":3,"href":"https:\/\/www.rettet-lina.de\/index.php\/wp-json\/wp\/v2\/posts\/698\/revisions"}],"predecessor-version":[{"id":748,"href":"https:\/\/www.rettet-lina.de\/index.php\/wp-json\/wp\/v2\/posts\/698\/revisions\/748"}],"wp:featuredmedia":[{"embeddable":true,"href":"https:\/\/www.rettet-lina.de\/index.php\/wp-json\/wp\/v2\/media\/699"}],"wp:attachment":[{"href":"https:\/\/www.rettet-lina.de\/index.php\/wp-json\/wp\/v2\/media?parent=698"}],"wp:term":[{"taxonomy":"category","embeddable":true,"href":"https:\/\/www.rettet-lina.de\/index.php\/wp-json\/wp\/v2\/categories?post=698"},{"taxonomy":"post_tag","embeddable":true,"href":"https:\/\/www.rettet-lina.de\/index.php\/wp-json\/wp\/v2\/tags?post=698"}],"curies":[{"name":"wp","href":"https:\/\/api.w.org\/{rel}","templated":true}]}}